{"id":1039,"date":"2011-05-02T22:23:20","date_gmt":"2011-05-02T21:23:20","guid":{"rendered":"http:\/\/johannazweiger.wordpress.com\/?p=1039"},"modified":"2011-05-02T22:23:20","modified_gmt":"2011-05-02T21:23:20","slug":"frank-elstner-an-der-hochschule-der-medien","status":"publish","type":"post","link":"https:\/\/johannazweiger.at\/?p=1039","title":{"rendered":"Frank Elstner an der Hochschule der Medien"},"content":{"rendered":"<p>&#8220;Wetten, dass &#8230; ?&#8221; kennt jeder, Frank Elstner auch. Ich habe ihn als Moderator dieser Show zwar nicht mehr erlebt, doch als vor ein paar Wochen die Mail eintrudelte, Frank Elstner w\u00fcrde an der HdM ein Interview geben, da klingelte es bei mir sofort. &#8220;Diese Chance bekommste so schnell nicht wieder&#8221; dachte ich und so meldete ich mich auf der Stelle an.<a href=\"http:\/\/johannazweiger.at\/wp-content\/uploads\/2011\/05\/dsc05584.jpg\"><br \/>\n<\/a><\/p>\n<p>Die meisten werden Frank Elstner (der eigentlich mit Vornamen Timm hei\u00dft) nur aus dem Fernsehen kennen, aber eines kann ich schon vorab mit Sicherheit sagen: Er ist auch in Wirklichkeit ein sehr sympathischer Mensch. Ruhig, gelassen und hat immer einen Schm\u00e4h parat.<\/p>\n<p><a href=\"http:\/\/johannazweiger.at\/wp-content\/uploads\/2011\/05\/dsc05584.jpg\"><img loading=\"lazy\" class=\"aligncenter\" title=\"Sogar die Tafeln im Audimax wurden passend zum Interviewgast gestaltet. (Foto: Zweiger)\" src=\"http:\/\/johannazweiger.at\/wp-content\/uploads\/2011\/05\/dsc05584.jpg?w=300\" alt=\"\" width=\"300\" height=\"200\" \/><\/a><\/p>\n<p>Das heutige Interview im Audimax der HdM dauerte ungef\u00e4hr 50 Minuten und wurde vom <a href=\"http:\/\/www.hdm-stuttgart.de\/imo\/ausbildung\/\">Institut f\u00fcr Moderation der HdM (kurz IMO)<\/a> organisiert. Dieses Institut richtet sich an die Master-Studenten der HdM und bildet alle geeigneten Interessierten innerhalb eines Jahres zu jungen Moderatorinnen und Moderatoren aus. \u00dcbrigens ist es gar nicht so leicht, f\u00fcr diese Ausbildung zugelassen zu werden, denn man muss ein eigenes Casting durchlaufen.<\/p>\n<p><a href=\"http:\/\/johannazweiger.at\/wp-content\/uploads\/2011\/05\/dsc05555.jpg\"><img loading=\"lazy\" class=\"aligncenter size-medium wp-image-1040\" title=\"Frank Elstner im Audimax der HdM Stuttgart (Foto: Zweiger)\" src=\"http:\/\/johannazweiger.at\/wp-content\/uploads\/2011\/05\/dsc05555.jpg?w=300\" alt=\"\" width=\"300\" height=\"200\" \/><\/a><\/p>\n<p>Zwei Teilnehmerinnen dieser Ausbildung stellten Frank Elstner heute also Fragen zu seiner Karriere als Showmaster, zu seinem Privatleben und nat\u00fcrlich zu aktuellen Medienbelangen. Auch zum Unfall von Samuel Koch wurde eine Frage gestellt. Thomas Gottschalks R\u00fcckzug aus der Show kommentierte Elstner so:<\/p>\n<p><a href=\"http:\/\/ia600604.us.archive.org\/9\/items\/Elstner_1\/elstner_1.mp3\">Elstner_1<\/a><\/p>\n<p>Elstner, der \u00fcbrigens in Linz geboren wurde, begann ja nicht direkt beim Fernsehen, sondern war viele Jahre beim Radio besch\u00e4ftigt (u.a. bei Radio Luxemburg). Die Jahre beim Radio sei \u00fcbrigens seine kreativste Zeit gewesen. Auf die Frage, was ihm denn mehr Spa\u00df mache, antwortete er heute, dass Radio mittlerweile leider stinklangweilig geworden sei. Und wenn ich mir die Radiolandschaft z.B. hier in Stuttgart ansehe, dann hat er auch tats\u00e4chlich recht. \ud83d\ude09 Wenigstens gibt&#8217;s in \u00d6sterreich noch good auld FM4!<\/p>\n<p><a href=\"http:\/\/johannazweiger.at\/wp-content\/uploads\/2011\/05\/dsc055781.jpg\"><img loading=\"lazy\" class=\"aligncenter size-medium wp-image-1042\" title=\"Frank Elstner im Interview. (Foto: Zweiger)\" src=\"http:\/\/johannazweiger.at\/wp-content\/uploads\/2011\/05\/dsc055781.jpg?w=300\" alt=\"\" width=\"300\" height=\"200\" \/><\/a><\/p>\n<p>Besonders nett fand ich Elstners Statement dazu, was denn junge Menschen wir die im Auditorium am besten machen sollten, wenn sie denn einmal &#8220;irgendwas mit Medien&#8221; als Beruf anstreben. Kurzzeitig ber\u00fchmt sein k\u00f6nnen viele, aber: Wie kann es langfristig klappen?<\/p>\n<p><a href=\"http:\/\/ia600607.us.archive.org\/15\/items\/Elstner_2\/elstner_2.mp3\">Elstner_2<\/a><\/p>\n<p>&#8220;Menschen der Woche&#8221;-Moderator Elstner gilt als sehr energiegeladener Mensch: Er joggt viel, hat f\u00fcnf Kinder und &#8230;<\/p>\n<p><a href=\"http:\/\/ia600405.us.archive.org\/24\/items\/Elstner_3\/elstner_3.mp3\">Elstner_3<\/a><\/p>\n<p>Elstner hat schon zig Interviewpartner interviewt. Mit vielen konnte er durchaus gute Gespr\u00e4che f\u00fchren, andere seien schlicht und einfach &#8220;doof&#8221; gewesen. Falls er sich noch einmal jemanden als Interviewgast &#8220;w\u00fcnschen&#8221; k\u00f6nnte, dann w\u00e4re das niemand Geringerer als &#8230; der Papst!<\/p>\n<p><a href=\"http:\/\/ia600603.us.archive.org\/15\/items\/Elstner_4_neu\/elstner_4.mp3\">Elstner_4<\/a><\/p>\n<p>Sehr interessant fand ich auch seine Aussage \u00fcber die stets &#8220;ach so gestressten&#8221; Promis bei &#8220;Wetten, dass &#8230;?&#8221;. Die seien n\u00e4mlich in Wahrheit meistens gar nicht so im Stress, viel eher sind es deren Manager, die so hetzen. Richard Gere etwa wollte bei einer Sendung nur f\u00fcnf Minuten lang auf dem Sofa sitzen, doch im Grunde war das nur ein Missverst\u00e4ndnis mit seinem Manager &#8230; Die meisten Promis seien, so Elstner, wirklich nette und angenehme Zeitgenossen, ein sch\u00f6nes Schlusswort.<\/p>\n","protected":false},"excerpt":{"rendered":"<p>&#8220;Wetten, dass &#8230; ?&#8221; kennt jeder, Frank Elstner auch. Ich habe ihn als Moderator dieser Show zwar nicht mehr erlebt, doch als vor ein paar Wochen die Mail eintrudelte, Frank Elstner w\u00fcrde an der HdM<\/p>\n","protected":false},"author":1,"featured_media":0,"comment_status":"open","ping_status":"open","sticky":false,"template":"","format":"standard","meta":[],"categories":[60,62],"tags":[149,170,173,175,385,386,302,303],"_links":{"self":[{"href":"https:\/\/johannazweiger.at\/index.php?rest_route=\/wp\/v2\/posts\/1039"}],"collection":[{"href":"https:\/\/johannazweiger.at\/index.php?rest_route=\/wp\/v2\/posts"}],"about":[{"href":"https:\/\/johannazweiger.at\/index.php?rest_route=\/wp\/v2\/types\/post"}],"author":[{"embeddable":true,"href":"https:\/\/johannazweiger.at\/index.php?rest_route=\/wp\/v2\/users\/1"}],"replies":[{"embeddable":true,"href":"https:\/\/johannazweiger.at\/index.php?rest_route=%2Fwp%2Fv2%2Fcomments&post=1039"}],"version-history":[{"count":0,"href":"https:\/\/johannazweiger.at\/index.php?rest_route=\/wp\/v2\/posts\/1039\/revisions"}],"wp:attachment":[{"href":"https:\/\/johannazweiger.at\/index.php?rest_route=%2Fwp%2Fv2%2Fmedia&parent=1039"}],"wp:term":[{"taxonomy":"category","embeddable":true,"href":"https:\/\/johannazweiger.at\/index.php?rest_route=%2Fwp%2Fv2%2Fcategories&post=1039"},{"taxonomy":"post_tag","embeddable":true,"href":"https:\/\/johannazweiger.at\/index.php?rest_route=%2Fwp%2Fv2%2Ftags&post=1039"}],"curies":[{"name":"wp","href":"https:\/\/api.w.org\/{rel}","templated":true}]}}