{"id":1103,"date":"2011-05-10T00:13:25","date_gmt":"2011-05-09T23:13:25","guid":{"rendered":"http:\/\/johannazweiger.wordpress.com\/?p=1103"},"modified":"2011-05-10T00:13:25","modified_gmt":"2011-05-09T23:13:25","slug":"stare-of-death","status":"publish","type":"post","link":"https:\/\/johannazweiger.at\/?p=1103","title":{"rendered":"Stare of death."},"content":{"rendered":"<p>Fast jeden Tag lern ich eine neue Phrase aus dem Englischen dazu. Die mit Abstand coolste diese Woche war wohl &#8220;stare of death&#8221;, die Craig aus Schottland mir beibrachte. Ich wei\u00df zwar nicht mehr, in welchem Zusammenhang, aber ich nehme mal an, dass irgendjemand bei unserem Bodensee-Trip am Samstag eher unbegeistert drein geschaut hat &#8230; Ich hab ihm daf\u00fcr das Wort &#8220;Kopfkino&#8221; erl\u00e4utert. Fand er auch sehr nett.^^<\/p>\n<p>Nun, was hat Woche #10 f\u00fcr mich bereit gehalten? Am Montag schon einmal das <a href=\"http:\/\/johannazweiger.wordpress.com\/2011\/05\/02\/frank-elstner-an-der-hochschule-der-medien\/\">Interview mit Frank Elstner<\/a>, ein durchaus gelungener Start in die Woche. Tags darauf hatte uns der gute Lauri darum gebeten, ihn bei einem Projekt von seiner Fotografie-LV zu unterst\u00fctzen. Thema seiner Fotoserie, f\u00fcr die wir Modell standen, war &#8220;sin&#8221;, also &#8220;S\u00fcnde&#8221;. Daf\u00fcr kritzelten wir eine Tafel in der HdM z.B. mit &#8220;incest&#8221;, &#8220;murder&#8221;, molestation&#8221; usw. voll und stellten uns ernsten Blickes davor. Die Aussage der Bilder sollte sein, dass jeder Mensch, sollte er oder sie auch noch so normal aussehen, in Wirklichkeit ein dunkles Geheimnis haben k\u00f6nnte. Die Fotos sind \u00fcbrigens sehr gut gelungen, hab sie soebe begutachtet. \ud83d\ude42<\/p>\n<p>Richtig spannend wurde es am Donnerstag. Nach\u00a0 der w\u00f6chentlichen horads-Sendung, bei der ich Wetter und Mensa-Tipps \u00fcbernahm, ging es gleich mit einem Telefoniterview weiter. Und zwar f\u00fcr &#8220;Convergent Journalism&#8221;, meine LV mit Schwerpunkt auf &#8220;Medien in Entwicklungsl\u00e4ndern&#8221;. Das war allerdings nicht irgendjemand, der uns da ein Interview gab. Nein, ich hatte das gro\u00dfe Vergn\u00fcgen mit dem Pressesprecher und stellvertretenden Generalsekret\u00e4r der Deutschen UNESCO Kommission zu sprechen. Und zwar eine halbe Stunde lang. Das Gespr\u00e4ch verlief sehr gut, mein Interviewpartner stellte sich als sehr freundlich und kompetent heraus und wir konnten gutes Material sammeln f\u00fcr unseren Audiobeitrag zum Tag der Pressefreiheit (der war &#8211; wie jedes Jahr &#8211; am 3. Mai). Ein paar Stunden sp\u00e4ter holte sich meine Kollegin Agnes noch jemanden an den H\u00f6rer &#8211; dieses Mal war es die Pressesprecherin von &#8220;Reporter ohne Grenzen&#8221;, einer NGO, die sich f\u00fcr die Pressefreiheit engagiert. Es war Agnes&#8217; erstes Interview ever und ich muss sagen, dass sie sich echt gut geschlagen hat! \ud83d\ude42<\/p>\n<p>Abschluss des Tages war ein Besuch im Kino zusammen mit meinem Mitbewohner David und dessen Freundin. Wir gingen aber nicht in ein normales Kino, sonder sahen eine Vorstellung vom Uni-Kino der Uni Stuttgart. Man nehme einen gro\u00dfen H\u00f6rsaal, \u20ac 3 Eintritt, den Film <a href=\"http:\/\/www.youtube.com\/watch?v=YensPXeWSFw\">&#8220;The Social Network&#8221;<\/a> und\u00a0voil\u00e0 &#8211; fertig ist die perfekte Abendgestaltung. Nicht fehlen darf dabei nat\u00fcrlich eine ordentliche Dosis Zucker, die wir uns in Form von Oreo-Keksen genehmigten. Bist du narrisch, sind die s\u00fc\u00df! Aber saugut! \ud83d\ude09 &#8220;The Social Network&#8221; hat mir recht gut gefallen, vielleicht ein bisschen zu viele Dialoge &#8230; denn wenn man, so wie ich, um 06.00 Uhr aufstehen muss, dann erfordern so viele Dialogszenen schon ziemliche Konzentration &#8230;<\/p>\n<p>Freitags verschlug es mich schlie\u00dflich f\u00fcr l\u00e4ngere Zeit in die Bibliothek der HdM, die ich \u00fcbrigens sehr einladend finde. Da gibt es nettes Personal, gem\u00fctliche Sitzgarnituren, viele PCs sowie einen Haufen B\u00fccher zum Thema Fotografie. \ud83d\ude42 Der Grund f\u00fcr meinen Abstecher dorthin war ja die Themenfindug f\u00fcr meine erste Bachelorarbeit, die ich Ende September einreichen muss. Das Thema wird hei\u00dfen &#8220;Bilder im Ausnahmezustand &#8211; Die Entwicklung der Pressefotografie im Krieg seit 1945&#8221;. Bin sehr froh, dass ich diesen Punkt auf meiner to-do-Liste abhaken kann! *puh* Hoffentlich klappt alles. Naja, zumindest was den Betreuer betrifft hab ich schon mal gro\u00dfes Gl\u00fcck!<\/p>\n<p>Am Freitagabend ging es schlie\u00dflich &#8211; mit meinen Mitbewohnern David und Matthias &#8211; zum <a href=\"http:\/\/www.itfs.de\/\">Internationalen Trickfilmfestival Stuttgart<\/a>. Im Rahmen dessen wurden n\u00e4mlich vergangene Woche in diversen Kinos der Stadt Trickfilme aller Genres gezeigt. Da wir aber keinen Eintritt zahlen wollten (^^), setzten wir uns zusammen mit einer Hundertschar an Menschen auf den Schlossplatz und schauten uns auf einem riesen Screen <a href=\"http:\/\/www.youtube.com\/watch?v=n2igjYFojUo\">&#8220;Fantastic Mr. Fox&#8221;<\/a> an. War sehr nett! Und nachher ging es noch auf eine Wei\u00dfweinschorle (zu Deutsch: wei\u00dfer Spritzer) in ne Bar in Stadtmitte. Ein gelungener Abend!<\/p>\n<p><a href=\"http:\/\/johannazweiger.at\/wp-content\/uploads\/2011\/05\/dsc05594.jpg\"><img loading=\"lazy\" class=\"aligncenter size-medium wp-image-1105\" title=\"ITFS @ Schlossplatz\" src=\"http:\/\/johannazweiger.at\/wp-content\/uploads\/2011\/05\/dsc05594.jpg?w=300\" alt=\"\" width=\"300\" height=\"200\" srcset=\"https:\/\/johannazweiger.at\/wp-content\/uploads\/2011\/05\/dsc05594.jpg 3456w, https:\/\/johannazweiger.at\/wp-content\/uploads\/2011\/05\/dsc05594-300x200.jpg 300w, https:\/\/johannazweiger.at\/wp-content\/uploads\/2011\/05\/dsc05594-1024x682.jpg 1024w\" sizes=\"(max-width: 300px) 100vw, 300px\" \/><\/a><\/p>\n<p>Und was am Samstag passierte, das gibt es im n\u00e4chsten Post zu lesen.<\/p>\n","protected":false},"excerpt":{"rendered":"<p>Fast jeden Tag lern ich eine neue Phrase aus dem Englischen dazu. Die mit Abstand coolste diese Woche war wohl &#8220;stare of death&#8221;, die Craig aus Schottland mir beibrachte. Ich wei\u00df zwar nicht mehr, in<\/p>\n","protected":false},"author":1,"featured_media":0,"comment_status":"open","ping_status":"open","sticky":false,"template":"","format":"standard","meta":[],"categories":[1],"tags":[106,129,130,168,181,182,386,281,292],"_links":{"self":[{"href":"https:\/\/johannazweiger.at\/index.php?rest_route=\/wp\/v2\/posts\/1103"}],"collection":[{"href":"https:\/\/johannazweiger.at\/index.php?rest_route=\/wp\/v2\/posts"}],"about":[{"href":"https:\/\/johannazweiger.at\/index.php?rest_route=\/wp\/v2\/types\/post"}],"author":[{"embeddable":true,"href":"https:\/\/johannazweiger.at\/index.php?rest_route=\/wp\/v2\/users\/1"}],"replies":[{"embeddable":true,"href":"https:\/\/johannazweiger.at\/index.php?rest_route=%2Fwp%2Fv2%2Fcomments&post=1103"}],"version-history":[{"count":0,"href":"https:\/\/johannazweiger.at\/index.php?rest_route=\/wp\/v2\/posts\/1103\/revisions"}],"wp:attachment":[{"href":"https:\/\/johannazweiger.at\/index.php?rest_route=%2Fwp%2Fv2%2Fmedia&parent=1103"}],"wp:term":[{"taxonomy":"category","embeddable":true,"href":"https:\/\/johannazweiger.at\/index.php?rest_route=%2Fwp%2Fv2%2Fcategories&post=1103"},{"taxonomy":"post_tag","embeddable":true,"href":"https:\/\/johannazweiger.at\/index.php?rest_route=%2Fwp%2Fv2%2Ftags&post=1103"}],"curies":[{"name":"wp","href":"https:\/\/api.w.org\/{rel}","templated":true}]}}