{"id":1277,"date":"2011-06-01T23:51:42","date_gmt":"2011-06-01T22:51:42","guid":{"rendered":"http:\/\/johannazweiger.wordpress.com\/?p=1277"},"modified":"2011-06-01T23:51:42","modified_gmt":"2011-06-01T22:51:42","slug":"was-ist-a4","status":"publish","type":"post","link":"https:\/\/johannazweiger.at\/?p=1277","title":{"rendered":"&#8220;Was ist A4?&#8221;"},"content":{"rendered":"<p>Gestern hatte ich eine \u00e4u\u00dferst schr\u00e4ge Erfahrung: Ich ging Pr\u00e4sentationsb\u00f6gen und Spr\u00fchkleber f\u00fcr meine LV &#8220;Grundlagen Gestaltung und Typografie&#8221; einkaufen und suchte dementsprechende L\u00e4den auf. Zuerst hatte ich eigentlich schon die passenden Sachen gefunden, aber ich entschied mich noch zu einem anderen Gesch\u00e4ft zu gehen und zu vergleichen. Ich begab mich also in ein sog. Papierfachgesch\u00e4ft (auf der T\u00fcr stand etwas von K\u00fcnstlerbedarf usw) in der N\u00e4he der &#8220;Fressgasse&#8221;. Dort verlangte ich bei einer \u00e4lteren Verk\u00e4uferin nach &#8220;mehreren A3-B\u00f6gen in schwarz mit 300 Gramm St\u00e4rke&#8221;.<\/p>\n<p>Sie schaute mich nur verdutzt an und zeigte mir daraufhin ein paar d\u00fcnne Bl\u00e4tterchen, die alles andere als A3 waren. Ich sagte noch einmal, was ich haben wollte. Sie daraufhin: &#8220;Was ist denn A3?&#8221; Ich daraufhin schon sehr verwundert: &#8220;Naja, halt doppelt so gro\u00df wie A4!&#8221; &#8211; &#8220;Was is A4?&#8221; Dann war f\u00fcr mich schon alles klar &#8211; das wird nix mehr.<\/p>\n<p>Ich mein, what the hell? Da kommt man in ein sog. Papierfachgesch\u00e4ft und die Verk\u00e4uferin kann mit dem Begriff &#8220;A4&#8221; nix anfangen! Unglaublich.<br \/>\nIch bin dann zum Ausgangsladen zur\u00fcck. Da war das Personal wesentlich kompetenter und ich bekam, was ich wollte. Puh.<\/p>\n","protected":false},"excerpt":{"rendered":"<p>Gestern hatte ich eine \u00e4u\u00dferst schr\u00e4ge Erfahrung: Ich ging Pr\u00e4sentationsb\u00f6gen und Spr\u00fchkleber f\u00fcr meine LV &#8220;Grundlagen Gestaltung und Typografie&#8221; einkaufen und suchte dementsprechende L\u00e4den auf. Zuerst hatte ich eigentlich schon die passenden Sachen gefunden, aber<\/p>\n","protected":false},"author":1,"featured_media":0,"comment_status":"open","ping_status":"open","sticky":false,"template":"","format":"standard","meta":[],"categories":[63],"tags":[],"_links":{"self":[{"href":"https:\/\/johannazweiger.at\/index.php?rest_route=\/wp\/v2\/posts\/1277"}],"collection":[{"href":"https:\/\/johannazweiger.at\/index.php?rest_route=\/wp\/v2\/posts"}],"about":[{"href":"https:\/\/johannazweiger.at\/index.php?rest_route=\/wp\/v2\/types\/post"}],"author":[{"embeddable":true,"href":"https:\/\/johannazweiger.at\/index.php?rest_route=\/wp\/v2\/users\/1"}],"replies":[{"embeddable":true,"href":"https:\/\/johannazweiger.at\/index.php?rest_route=%2Fwp%2Fv2%2Fcomments&post=1277"}],"version-history":[{"count":0,"href":"https:\/\/johannazweiger.at\/index.php?rest_route=\/wp\/v2\/posts\/1277\/revisions"}],"wp:attachment":[{"href":"https:\/\/johannazweiger.at\/index.php?rest_route=%2Fwp%2Fv2%2Fmedia&parent=1277"}],"wp:term":[{"taxonomy":"category","embeddable":true,"href":"https:\/\/johannazweiger.at\/index.php?rest_route=%2Fwp%2Fv2%2Fcategories&post=1277"},{"taxonomy":"post_tag","embeddable":true,"href":"https:\/\/johannazweiger.at\/index.php?rest_route=%2Fwp%2Fv2%2Ftags&post=1277"}],"curies":[{"name":"wp","href":"https:\/\/api.w.org\/{rel}","templated":true}]}}