{"id":1281,"date":"2011-06-07T00:24:53","date_gmt":"2011-06-06T23:24:53","guid":{"rendered":"http:\/\/johannazweiger.wordpress.com\/?p=1281"},"modified":"2011-06-07T00:24:53","modified_gmt":"2011-06-06T23:24:53","slug":"burger-rain-burger-rain","status":"publish","type":"post","link":"https:\/\/johannazweiger.at\/?p=1281","title":{"rendered":"&#8220;Burger Rain, Burger Rain &#8230;&#8221;"},"content":{"rendered":"<p>Oh ja, letzte Woche stand ganz im Zeichen des Regens. Und der Burger (dazu noch sp\u00e4ter).<\/p>\n<p>Montag, 13.oo Uhr. Anna, Craig und ich machen uns auf den Weg zum Akademischen Auslandsamt (AAA). Der Grund, warum wir unserer Betreuerin einen Besuch abstatten, ist eigentlich ein sehr trauriger &#8211; es geht um die Formalit\u00e4ten f\u00fcr unsere Abreise aus Stuttgart. \ud83d\ude41 Ja, in einem guten Monat sind wir alle wieder zu Hause! Die Zeit vergeht\/verging viiiiiel zu schnell! Nachdem wir alles besprochen haben, geht&#8217;s auf zur ersten und einzigen Pr\u00fcfung f\u00fcr mich an der HdM: Grundlagen der Mediengestaltung 2 (= Fotografie). Die Pr\u00fcfung war ein Multiple Choice-Test, sowas kannte ich ja bisher gar nicht, es war aber eigentlich nicht schwer und recht angenehm. \ud83d\ude42<\/p>\n<p>Mittwoch, 17.00 Uhr. Ziemlich fertig komme ich in der Hochschule f\u00fcr Musik an und warte auf meinen Interviewpartner, der Dozent f\u00fcr Gitarre und Harmonielehre mit Schwerpunkt Jazz und Pop ist. Wir unterhalten uns 20 Minuten lang \u00fcber BB King, der ja am 1. Juli in Stuttgart spielen wird und \u00fcber den ich aus gegebenem Anlass einen Radiobeitrag im Rahmen des Radioworkshops mache. Und jetzt kommt das Unfassbare: Ich werde bei diesem Konzert DABEI sein!! Habe mir ein paar Tage sp\u00e4ter via eventim.de ne Studentenkarte gesichert! \ud83d\ude42 Ich freu mich sooo! Leider muss mein Philipp Poisel Konzert (10. Juli in Tuttlingen) daf\u00fcr ins Wasser fallen (geht sich finanziell nicht aus, au\u00dferdem schert&#8217;s mich nicht, alleine durch die Weltgeschichte zu tingeln). Die Karte hierf\u00fcr hab ich bereits auf ebay verh\u00f6kert &#8211; danke Matthias!<\/p>\n<p>Nach dem Interview treffe ich meinen Mitbewohner in Stadtmitte und wir gehen zusammen mit einer seiner Studienkolleginnen ins Planetarium nahe dem Hauptbahnhof. Da gibt es n\u00e4mlich eine gratis Vorstellung wegen der &#8220;American Days&#8221; in Stuttgart- nice! Der Abend steht dann ganz im Zeichen Irlands. \ud83d\ude42 Zusammen mit Valentina und Anna schaue ich mir &#8220;Once&#8221; auf Englisch im Kino der HdM an. &#8220;For fUUUck&#8217;s sake!&#8221; &#8211; genial! \ud83d\ude42 War \u00fcbrigens im selben Raum, wie die Fotografie-LV.^^<\/p>\n<p>In der Zwischenzeit hat unsere WG Elektroniknachwuchs bekommen &#8211; mein Mitbewohner Matthias hat n\u00e4mlich einen riesen gro\u00dfen Ghetto Blaster zusammen mit seinem Bruder gebaut und selbigen auf den K\u00fcchentisch der WG platziert. Die BUM-BUM-Maschine macht schon was her, das muss man sagen (siehe Foto). Deshalb haben wir am Donnerstag Abend unsere K\u00fcche in ein kleines Kino verwandelt und den Film &#8220;Collateral&#8221; geguckt.<\/p>\n<p><a href=\"http:\/\/johannazweiger.at\/wp-content\/uploads\/2011\/06\/ghetto_blaster.jpg\"><img loading=\"lazy\" class=\"aligncenter size-medium wp-image-1285\" title=\"ghetto_blaster\" src=\"http:\/\/johannazweiger.at\/wp-content\/uploads\/2011\/06\/ghetto_blaster.jpg?w=300\" alt=\"\" width=\"300\" height=\"200\" srcset=\"https:\/\/johannazweiger.at\/wp-content\/uploads\/2011\/06\/ghetto_blaster.jpg 720w, https:\/\/johannazweiger.at\/wp-content\/uploads\/2011\/06\/ghetto_blaster-300x200.jpg 300w\" sizes=\"(max-width: 300px) 100vw, 300px\" \/><\/a><\/p>\n<p>Und das, obwohl ich eigentlich an meiner Abschlussarbeit f\u00fcr &#8220;Grundlagen Gestaltung und Typografie&#8221; arbeiten h\u00e4tte sollen. Naja, die folgenden vier Tage hab ich dann aber ganz brav daran gearbeitet (insgesamt an die 25 Stunden!) und konnte das Teil heute schon (einen Tag vor der Deadline) abgeben. Puh, das war vielleicht was. Gott sei Dank hat mir der liebe Roli, bevor er sich mit versammelter Mannschaft zu Rock im Park verabschiedete, noch ordentlich geholfen. Danke daf\u00fcr! \ud83d\ude42<\/p>\n<p>Freitag Abend, 22.00 Uhr. Ein nettes get-together auf Craig&#8217;s roof startet. Man trifft alt bekannte Gesichter wieder, trinkt gem\u00fctlich ein Bierchen und schaut dem guten Luis beim Balancieren zu. Am Sonntag hab ich dann das erste Mal SO RICHITG aufwendig gekocht &#8211; n\u00e4mlich Bami Goreng nach nem Rezept aus Davids Kochbuch (und mit seinen Zutaten^^). War echt lecker. \ud83d\ude42<\/p>\n<p><a href=\"http:\/\/johannazweiger.at\/wp-content\/uploads\/2011\/06\/dsc06798.jpg\"><img loading=\"lazy\" class=\"aligncenter size-medium wp-image-1282\" title=\"Bami Goreng\" src=\"http:\/\/johannazweiger.at\/wp-content\/uploads\/2011\/06\/dsc06798.jpg?w=300\" alt=\"\" width=\"300\" height=\"200\" srcset=\"https:\/\/johannazweiger.at\/wp-content\/uploads\/2011\/06\/dsc06798.jpg 3456w, https:\/\/johannazweiger.at\/wp-content\/uploads\/2011\/06\/dsc06798-300x200.jpg 300w, https:\/\/johannazweiger.at\/wp-content\/uploads\/2011\/06\/dsc06798-1024x682.jpg 1024w\" sizes=\"(max-width: 300px) 100vw, 300px\" \/><\/a><\/p>\n<p>Sonntag Abend dann schon das n\u00e4chste Event &#8211; der w\u00f6chentliche Columbus-Besuch steht ins Haus. Man redet \u00fcber den Hagel ein paar Stunden zuvor (Weltuntergangsstimmung indeed!) und isst leckere Burger.<\/p>\n<p><a href=\"http:\/\/johannazweiger.at\/wp-content\/uploads\/2011\/06\/dsc06804.jpg\"><img loading=\"lazy\" class=\"aligncenter size-medium wp-image-1283\" title=\"Hagel am Sonntag\" src=\"http:\/\/johannazweiger.at\/wp-content\/uploads\/2011\/06\/dsc06804.jpg?w=300\" alt=\"\" width=\"300\" height=\"200\" srcset=\"https:\/\/johannazweiger.at\/wp-content\/uploads\/2011\/06\/dsc06804.jpg 3456w, https:\/\/johannazweiger.at\/wp-content\/uploads\/2011\/06\/dsc06804-300x200.jpg 300w, https:\/\/johannazweiger.at\/wp-content\/uploads\/2011\/06\/dsc06804-1024x682.jpg 1024w\" sizes=\"(max-width: 300px) 100vw, 300px\" \/><\/a><\/p>\n<p><a href=\"http:\/\/johannazweiger.at\/wp-content\/uploads\/2011\/06\/dsc06805.jpg\"><img loading=\"lazy\" class=\"aligncenter size-medium wp-image-1284\" title=\"Der Himmel nach dem Sturm.\" src=\"http:\/\/johannazweiger.at\/wp-content\/uploads\/2011\/06\/dsc06805.jpg?w=300\" alt=\"\" width=\"300\" height=\"200\" srcset=\"https:\/\/johannazweiger.at\/wp-content\/uploads\/2011\/06\/dsc06805.jpg 3456w, https:\/\/johannazweiger.at\/wp-content\/uploads\/2011\/06\/dsc06805-300x200.jpg 300w, https:\/\/johannazweiger.at\/wp-content\/uploads\/2011\/06\/dsc06805-1024x682.jpg 1024w\" sizes=\"(max-width: 300px) 100vw, 300px\" \/><\/a><\/p>\n<p>Nicht fehlen darf dabei nat\u00fcrlich der Gassenhauer &#8220;Burger Rain, Burger Rain &#8230;&#8221;. Manch Wahnsinnige verputzen sogar zwei Portionen &#8211; unglaublich! Lauri hat sich seinen Bart abgeschnitten, weil am Mittwoch seine Freundin zu Besuch kommt &#8211; wir tragen es mit Fassung. Aber so ganz akzeptieren k\u00f6nnen wir es doch nicht, deshalb wurde inzwischen eine facebook-Petition ins Leben gerufen! \ud83d\ude00<\/p>\n<p>Das Wetter in Stuttgart ist momentan \u00fcbrigens sehr mie\u00df.<br \/>\nWir hoffen auf baldige Besserung.<\/p>\n","protected":false},"excerpt":{"rendered":"<p>Oh ja, letzte Woche stand ganz im Zeichen des Regens. Und der Burger (dazu noch sp\u00e4ter). Montag, 13.oo Uhr. Anna, Craig und ich machen uns auf den Weg zum Akademischen Auslandsamt (AAA). Der Grund, warum<\/p>\n","protected":false},"author":1,"featured_media":0,"comment_status":"open","ping_status":"open","sticky":false,"template":"","format":"standard","meta":[],"categories":[57,63],"tags":[],"_links":{"self":[{"href":"https:\/\/johannazweiger.at\/index.php?rest_route=\/wp\/v2\/posts\/1281"}],"collection":[{"href":"https:\/\/johannazweiger.at\/index.php?rest_route=\/wp\/v2\/posts"}],"about":[{"href":"https:\/\/johannazweiger.at\/index.php?rest_route=\/wp\/v2\/types\/post"}],"author":[{"embeddable":true,"href":"https:\/\/johannazweiger.at\/index.php?rest_route=\/wp\/v2\/users\/1"}],"replies":[{"embeddable":true,"href":"https:\/\/johannazweiger.at\/index.php?rest_route=%2Fwp%2Fv2%2Fcomments&post=1281"}],"version-history":[{"count":0,"href":"https:\/\/johannazweiger.at\/index.php?rest_route=\/wp\/v2\/posts\/1281\/revisions"}],"wp:attachment":[{"href":"https:\/\/johannazweiger.at\/index.php?rest_route=%2Fwp%2Fv2%2Fmedia&parent=1281"}],"wp:term":[{"taxonomy":"category","embeddable":true,"href":"https:\/\/johannazweiger.at\/index.php?rest_route=%2Fwp%2Fv2%2Fcategories&post=1281"},{"taxonomy":"post_tag","embeddable":true,"href":"https:\/\/johannazweiger.at\/index.php?rest_route=%2Fwp%2Fv2%2Ftags&post=1281"}],"curies":[{"name":"wp","href":"https:\/\/api.w.org\/{rel}","templated":true}]}}