{"id":1332,"date":"2011-06-29T00:02:28","date_gmt":"2011-06-28T23:02:28","guid":{"rendered":"http:\/\/johannazweiger.wordpress.com\/?p=1332"},"modified":"2011-06-29T00:02:28","modified_gmt":"2011-06-28T23:02:28","slug":"was-macht-dieser-gut-aussehende-nackte-mann-da-drausen","status":"publish","type":"post","link":"https:\/\/johannazweiger.at\/?p=1332","title":{"rendered":"&#8220;Was macht dieser gut aussehende nackte Mann da drau\u00dfen?&#8221;"},"content":{"rendered":"<p>Dabei hab ich einem Wohnheimsnachbarn nur unsere kleine Leiter geborgt. TS!^^<\/p>\n<p>Sorry for delay, in den letzten Tagen war viel los. Woche Nummer 17 in Stuttgart war eine durchaus sch\u00f6ne. Montag: Ein gro\u00dfer Teil unserer Erasmus-Gruppe feiert die Stuttgart-Premiere ihres Theaterst\u00fcckes <a href=\"http:\/\/www.murderbeyondthesundial.de\/\">&#8220;Murder beyond the sundial&#8221;<\/a> in der Tri-B\u00fchne Stuttgart. Monatelang wurde vorher geprobt, promotet und vorbereitet. Alles auf Englisch, versteht sich. Ich war echt erstaunt, wie gut und vor allem professionell (Videozuspielungen etc) das Ganze aufgezogen war. Thumbs up! Nach der Auff\u00fchrung ging&#8217;s noch ins Classic Rock Caf\u00e9 zum gem\u00fctlichen get-together inklusive leckeren Burgern &#8230; \ud83d\ude42<\/p>\n<p>Dienstag stand meine erste von zwei Pr\u00e4sentationen an der HdM ins Haus: Grundlagen Gestaltung und Typografie. Verlief soweit ganz gut, ne Note werd ich aber wohl noch l\u00e4nger nicht erfahren &#8211;&gt; deutsche B\u00fcrokratie, ooooh ja. Dienstag war auch der Tag, an dem wir die erste Abschiedsfeier (wenn auch nur ne kleine) hatten, denn Arune und Paul aus Litauen fuhren am n\u00e4chsten Tag nach Hause. Mit dem Zug \u00fcbrigens.^^ Hier ein Bild davon:<\/p>\n<p><a href=\"http:\/\/johannazweiger.at\/wp-content\/uploads\/2011\/06\/dsc07346.jpg\"><img loading=\"lazy\" class=\"aligncenter size-medium wp-image-1333\" title=\"Arune and Paul fare well.\" src=\"http:\/\/johannazweiger.at\/wp-content\/uploads\/2011\/06\/dsc07346.jpg?w=300\" alt=\"\" width=\"300\" height=\"200\" srcset=\"https:\/\/johannazweiger.at\/wp-content\/uploads\/2011\/06\/dsc07346.jpg 3202w, https:\/\/johannazweiger.at\/wp-content\/uploads\/2011\/06\/dsc07346-300x200.jpg 300w, https:\/\/johannazweiger.at\/wp-content\/uploads\/2011\/06\/dsc07346-1024x682.jpg 1024w\" sizes=\"(max-width: 300px) 100vw, 300px\" \/><\/a>Donnerstag Abend kam schlie\u00dflich mein Bruderherz nach Stuttgart zu Besuch. Ich war allerdings noch ziemlich busy, weil ich am Freitag in der Fr\u00fch zwei Stunden lang auf horads moderieren musste. Wir halten fest: F\u00fcr zwei Stunden Sendung ne ordentliche Moderation zu schreiben, dauert l\u00e4nger, als man denkt. Bis halb sechs morgens sa\u00df ich dran, zwei Stunden sp\u00e4ter hie\u00df es aufstehen und ran ans Mikro. Wie es nicht anders sein konnte, hatten wir zu Beginn der Sendung schon mal ein ziemliches Problem: Das Notfallprogramm war aus unerfindlichen Gr\u00fcnden an, was wir erst nach Sendungsbeginn in den Griff bekamen. Zuerst h\u00f6rte man Guns&#8217;n&#8217;Roses und dann &#8211; zack! Pl\u00f6tzlich die Nachrichten.^^ Mann, was war ich nerv\u00f6s! :O Aber es stellte sich alles als nicht so schlimm heraus. In der zweiten Stunde konnte ich schlie\u00dflich Moderation und Technik alleine machen und es gab auch keine weiteren Probleme mehr. \ud83d\ude42 Hat super viel Spa\u00df gemacht, nicht zuletzt wegen &#8220;meines&#8221; super Teams. \ud83d\ude09<\/p>\n<p><a href=\"http:\/\/johannazweiger.at\/wp-content\/uploads\/2011\/06\/dsc074201.jpg\"><img loading=\"lazy\" class=\"aligncenter size-medium wp-image-1335\" title=\"Erste Moderation auf horads.\" src=\"http:\/\/johannazweiger.at\/wp-content\/uploads\/2011\/06\/dsc074201.jpg?w=300\" alt=\"\" width=\"300\" height=\"200\" srcset=\"https:\/\/johannazweiger.at\/wp-content\/uploads\/2011\/06\/dsc074201.jpg 3456w, https:\/\/johannazweiger.at\/wp-content\/uploads\/2011\/06\/dsc074201-300x200.jpg 300w, https:\/\/johannazweiger.at\/wp-content\/uploads\/2011\/06\/dsc074201-1024x682.jpg 1024w\" sizes=\"(max-width: 300px) 100vw, 300px\" \/><\/a><\/p>\n<p>Meine Fotoserie f\u00fcr &#8220;Grundlagen der Mediengestaltung 2&#8221; zum Thema &#8220;Photographic Art&#8221; musste ich am Freitag auch abegeben. Klappte alles wunderbar. Das Titelbild meiner Serie &#8220;A Look Inside&#8221;, die sich um allt\u00e4gliche K\u00fcchengegenst\u00e4nde drehte, seht ihr hier:<\/p>\n<p><a href=\"http:\/\/johannazweiger.at\/wp-content\/uploads\/2011\/06\/16-zweiger-johanna-01.jpg\"><img loading=\"lazy\" class=\"aligncenter size-medium wp-image-1334\" title=\"grater\" src=\"http:\/\/johannazweiger.at\/wp-content\/uploads\/2011\/06\/16-zweiger-johanna-01.jpg?w=300\" alt=\"\" width=\"300\" height=\"199\" srcset=\"https:\/\/johannazweiger.at\/wp-content\/uploads\/2011\/06\/16-zweiger-johanna-01.jpg 2000w, https:\/\/johannazweiger.at\/wp-content\/uploads\/2011\/06\/16-zweiger-johanna-01-300x199.jpg 300w, https:\/\/johannazweiger.at\/wp-content\/uploads\/2011\/06\/16-zweiger-johanna-01-1024x682.jpg 1024w\" sizes=\"(max-width: 300px) 100vw, 300px\" \/><\/a><\/p>\n<p>F\u00fcr den Samstag planten mein bro und ich ein kleines sightseeing-Programm innerhalb von Stuttgart: Galerie LUMAS und das Hegel-Haus (Museum) in Stadtmitte sowie ein Abstecher ins sch\u00f6ne Ludwigsburg. Zu Gl\u00fcck war das Wetter recht gut und wir konnten ein gutes Eis am Schlossplatz genie\u00dfen &#8230; \ud83d\ude42<\/p>\n<p><a href=\"http:\/\/johannazweiger.at\/wp-content\/uploads\/2011\/06\/pict0045.jpg\"><img loading=\"lazy\" class=\"aligncenter size-medium wp-image-1336\" title=\"KONICA MINOLTA DIGITAL CAMERA\" src=\"http:\/\/johannazweiger.at\/wp-content\/uploads\/2011\/06\/pict0045.jpg?w=225\" alt=\"\" width=\"225\" height=\"300\" srcset=\"https:\/\/johannazweiger.at\/wp-content\/uploads\/2011\/06\/pict0045.jpg 2448w, https:\/\/johannazweiger.at\/wp-content\/uploads\/2011\/06\/pict0045-225x300.jpg 225w, https:\/\/johannazweiger.at\/wp-content\/uploads\/2011\/06\/pict0045-768x1024.jpg 768w\" sizes=\"(max-width: 225px) 100vw, 225px\" \/><\/a><\/p>\n","protected":false},"excerpt":{"rendered":"<p>Dabei hab ich einem Wohnheimsnachbarn nur unsere kleine Leiter geborgt. TS!^^ Sorry for delay, in den letzten Tagen war viel los. Woche Nummer 17 in Stuttgart war eine durchaus sch\u00f6ne. Montag: Ein gro\u00dfer Teil unserer<\/p>\n","protected":false},"author":1,"featured_media":0,"comment_status":"open","ping_status":"open","sticky":false,"template":"","format":"standard","meta":[],"categories":[57,63],"tags":[129,130,163,182,209,210,223,386],"_links":{"self":[{"href":"https:\/\/johannazweiger.at\/index.php?rest_route=\/wp\/v2\/posts\/1332"}],"collection":[{"href":"https:\/\/johannazweiger.at\/index.php?rest_route=\/wp\/v2\/posts"}],"about":[{"href":"https:\/\/johannazweiger.at\/index.php?rest_route=\/wp\/v2\/types\/post"}],"author":[{"embeddable":true,"href":"https:\/\/johannazweiger.at\/index.php?rest_route=\/wp\/v2\/users\/1"}],"replies":[{"embeddable":true,"href":"https:\/\/johannazweiger.at\/index.php?rest_route=%2Fwp%2Fv2%2Fcomments&post=1332"}],"version-history":[{"count":0,"href":"https:\/\/johannazweiger.at\/index.php?rest_route=\/wp\/v2\/posts\/1332\/revisions"}],"wp:attachment":[{"href":"https:\/\/johannazweiger.at\/index.php?rest_route=%2Fwp%2Fv2%2Fmedia&parent=1332"}],"wp:term":[{"taxonomy":"category","embeddable":true,"href":"https:\/\/johannazweiger.at\/index.php?rest_route=%2Fwp%2Fv2%2Fcategories&post=1332"},{"taxonomy":"post_tag","embeddable":true,"href":"https:\/\/johannazweiger.at\/index.php?rest_route=%2Fwp%2Fv2%2Ftags&post=1332"}],"curies":[{"name":"wp","href":"https:\/\/api.w.org\/{rel}","templated":true}]}}