{"id":1498,"date":"2011-08-07T23:42:18","date_gmt":"2011-08-07T22:42:18","guid":{"rendered":"http:\/\/johannazweiger.wordpress.com\/?p=1498"},"modified":"2011-08-07T23:42:18","modified_gmt":"2011-08-07T22:42:18","slug":"meine-letzten-tage-in-stuttgart","status":"publish","type":"post","link":"https:\/\/johannazweiger.at\/?p=1498","title":{"rendered":"Meine letzten Tage in Stuttgart."},"content":{"rendered":"<p>Jaaa, ich bin inzwischen schon daheim, aber trotzdem m\u00f6chte ich meine letzten Tage im sch\u00f6nen Stuttgart nicht ungebloggt lassen. \ud83d\ude09<\/p>\n<p>Am Montag meiner letzten Woche (12. Juli) bekam ich Besuch aus O\u00d6 &#8211; mein lieber Freund Roland, seines Zeichens gro\u00dfer U2-Fan und berufsbegleitender Student auf Lebenszeit, kam um 18.00 Uhr an. Bis wir es aber nach Hause geschafft hatten, vergingen dezente eineinhalb Stunden.^^ Merke: Gibt es in Stuttgart einmal eine S-Bahn-Panne, dann steht die ganze Stadt still! Wir mussten den \u00e4rgsten Umweg fahren und dann noch mit dem Bus weiter- unglaublich! \ud83d\ude00<\/p>\n<p>Am n\u00e4chsten Tag erledigte ich allerhand Papierkram f\u00fcr die HdM, da mein Abreisetag ja immer n\u00e4her r\u00fcckte. Au\u00dferdem machten wir &#8220;meinen&#8221; Stadtrundgang, der uns an den wichtigsten Sights vorbei und schlie\u00dflich zu Vapiano f\u00fchrte. \ud83d\ude42<\/p>\n<p style=\"text-align:center;\"><a href=\"http:\/\/johannazweiger.at\/wp-content\/uploads\/2011\/08\/dsc08732_neu.jpg\"><img loading=\"lazy\" class=\"size-medium wp-image-1500 aligncenter\" title=\"Schlossplatz Stuttgart.\" src=\"http:\/\/johannazweiger.at\/wp-content\/uploads\/2011\/08\/dsc08732_neu.jpg?w=300\" alt=\"\" width=\"300\" height=\"200\" srcset=\"https:\/\/johannazweiger.at\/wp-content\/uploads\/2011\/08\/dsc08732_neu.jpg 2824w, https:\/\/johannazweiger.at\/wp-content\/uploads\/2011\/08\/dsc08732_neu-300x200.jpg 300w, https:\/\/johannazweiger.at\/wp-content\/uploads\/2011\/08\/dsc08732_neu-1024x682.jpg 1024w\" sizes=\"(max-width: 300px) 100vw, 300px\" \/><\/a><\/p>\n<p style=\"text-align:center;\"><img loading=\"lazy\" class=\"aligncenter size-medium wp-image-1504\" title=\"Lampe nahe Schlossplatz aus der Froschperspektive.\" src=\"http:\/\/johannazweiger.at\/wp-content\/uploads\/2011\/08\/dsc08682_neu.jpg?w=300\" alt=\"\" width=\"300\" height=\"200\" \/><\/p>\n<p>Am Donnerstag-Abend trafen wir schlie\u00dflich meine liebe Freundin Michi, die bei der Anfahrt nach Stuttgart leider ihr Auto zu Schrott fuhr, daf\u00fcr zum Gl\u00fcck aber unverletzt blieb. Mit ihr fuhren wir am Freitag zum Schloss Solitude &#8211; einer kleiner Schlossanlage auf den Bergen Stuttgarts. Von dort hat man eine wundersch\u00f6ne Aussicht auf die Stadt und au\u00dferdem kann man tolle Fotos machen. \ud83d\ude09<\/p>\n<p><a href=\"http:\/\/johannazweiger.at\/wp-content\/uploads\/2011\/08\/dsc091651.jpg\"><br \/>\n<\/a><a href=\"http:\/\/johannazweiger.at\/wp-content\/uploads\/2011\/08\/dsc091971.jpg\"><img loading=\"lazy\" class=\"aligncenter size-medium wp-image-1509\" title=\"DSC09197\" src=\"http:\/\/johannazweiger.at\/wp-content\/uploads\/2011\/08\/dsc091971.jpg?w=300\" alt=\"\" width=\"300\" height=\"200\" \/><\/a><\/p>\n<p><a href=\"http:\/\/johannazweiger.at\/wp-content\/uploads\/2011\/08\/dsc09174.jpg\"><img loading=\"lazy\" class=\"aligncenter size-medium wp-image-1508\" title=\"DSC09174\" src=\"http:\/\/johannazweiger.at\/wp-content\/uploads\/2011\/08\/dsc09174.jpg?w=300\" alt=\"\" width=\"300\" height=\"200\" \/><\/a><\/p>\n<p><a href=\"http:\/\/johannazweiger.at\/wp-content\/uploads\/2011\/08\/dsc092061.jpg\"><img loading=\"lazy\" class=\"aligncenter size-medium wp-image-1512\" title=\"Die drei \u00d6sis.\" src=\"http:\/\/johannazweiger.at\/wp-content\/uploads\/2011\/08\/dsc092061.jpg?w=300\" alt=\"\" width=\"300\" height=\"200\" \/><\/a><\/p>\n<p>Zuvor aber das aller-, allerletzte Wei\u00dfwurstfr\u00fchst\u00fcck in meiner Erasmus-Karriere: Mehr als zehn Leute kamen und dementsprechend wurde auch aufgekocht! Wei\u00dfbier, Wei\u00dfwurst s\u00fc\u00dfer Senf, frische Brezen &#8230; das volle Programm. Hach, sch\u00f6n war&#8217;s!<\/p>\n<p><a href=\"http:\/\/johannazweiger.at\/wp-content\/uploads\/2011\/08\/dsc09147.jpg\"><img loading=\"lazy\" class=\"aligncenter size-medium wp-image-1537\" title=\"Der David.\" src=\"http:\/\/johannazweiger.at\/wp-content\/uploads\/2011\/08\/dsc09147.jpg?w=200\" alt=\"\" width=\"200\" height=\"300\" srcset=\"https:\/\/johannazweiger.at\/wp-content\/uploads\/2011\/08\/dsc09147.jpg 2304w, https:\/\/johannazweiger.at\/wp-content\/uploads\/2011\/08\/dsc09147-200x300.jpg 200w, https:\/\/johannazweiger.at\/wp-content\/uploads\/2011\/08\/dsc09147-682x1024.jpg 682w\" sizes=\"(max-width: 200px) 100vw, 200px\" \/><\/a><\/p>\n<p><a href=\"http:\/\/johannazweiger.at\/wp-content\/uploads\/2011\/08\/dsc09149.jpg\"><img loading=\"lazy\" class=\"aligncenter size-medium wp-image-1539\" title=\"Brezeeeeeen!\" src=\"http:\/\/johannazweiger.at\/wp-content\/uploads\/2011\/08\/dsc09149.jpg?w=300\" alt=\"\" width=\"300\" height=\"200\" srcset=\"https:\/\/johannazweiger.at\/wp-content\/uploads\/2011\/08\/dsc09149.jpg 3456w, https:\/\/johannazweiger.at\/wp-content\/uploads\/2011\/08\/dsc09149-300x200.jpg 300w, https:\/\/johannazweiger.at\/wp-content\/uploads\/2011\/08\/dsc09149-1024x682.jpg 1024w\" sizes=\"(max-width: 300px) 100vw, 300px\" \/><\/a><\/p>\n<p><a href=\"http:\/\/johannazweiger.at\/wp-content\/uploads\/2011\/08\/dsc09154.jpg\"><img loading=\"lazy\" class=\"aligncenter size-medium wp-image-1541\" title=\"Die versammelte Wei\u00dfwurst-Mannschaft.\" src=\"http:\/\/johannazweiger.at\/wp-content\/uploads\/2011\/08\/dsc09154.jpg?w=300\" alt=\"\" width=\"300\" height=\"200\" srcset=\"https:\/\/johannazweiger.at\/wp-content\/uploads\/2011\/08\/dsc09154.jpg 3456w, https:\/\/johannazweiger.at\/wp-content\/uploads\/2011\/08\/dsc09154-300x200.jpg 300w, https:\/\/johannazweiger.at\/wp-content\/uploads\/2011\/08\/dsc09154-1024x682.jpg 1024w\" sizes=\"(max-width: 300px) 100vw, 300px\" \/><\/a> Weiter ging&#8217;s ins Haus der Geschichte Stuttgart, das momentan eine Ausstellung \u00fcber den baden-w\u00fcrttembergischen Pressefotografen Rupert Leser unter dem Motto<a href=\"http:\/\/www.hdgbw.de\/ausstellungen\/wechselausstellung\/leser-fotoausstellung\/?PHPSESSID=2jfa41uibhjiajjengkt0he6a2\"> &#8220;Von Bad Waldsee bis L.A.&#8221;<\/a> im Repertoire hat (noch bis 11. September). Der Mann hat im Prinzip sein ganzes Leben lang fotografiert und sich auf Sportfotografie spezialisiert. War sehr interessant und, weil es Freitag war, sogar gratis! \ud83d\ude09 Nachher fuhren wir noch zum Bahnhofsturm (den ich insgesamt glaube ich min. 5 Mal besucht hab^^). Ein Besuch bei Starbucks und dem dazugeh\u00f6renden Drachen durfte nat\u00fcrlich auch nicht fehlen. Au\u00dferdem scheinte zur Abwechslung einmal die Sonne, weshalb ich noch ein paar Aufnahmen vom Schlossplatz machte:<\/p>\n<p><a href=\"http:\/\/johannazweiger.at\/wp-content\/uploads\/2011\/08\/dsc09320.jpg\"><img loading=\"lazy\" class=\"aligncenter size-medium wp-image-1575\" title=\"Starbucks madness.\" src=\"http:\/\/johannazweiger.at\/wp-content\/uploads\/2011\/08\/dsc09320.jpg?w=300\" alt=\"\" width=\"300\" height=\"200\" srcset=\"https:\/\/johannazweiger.at\/wp-content\/uploads\/2011\/08\/dsc09320.jpg 3456w, https:\/\/johannazweiger.at\/wp-content\/uploads\/2011\/08\/dsc09320-300x200.jpg 300w, https:\/\/johannazweiger.at\/wp-content\/uploads\/2011\/08\/dsc09320-1024x682.jpg 1024w\" sizes=\"(max-width: 300px) 100vw, 300px\" \/><\/a><\/p>\n<p><a href=\"http:\/\/johannazweiger.at\/wp-content\/uploads\/2011\/08\/dsc093101.jpg\"><img loading=\"lazy\" class=\"aligncenter size-medium wp-image-1564\" title=\"Der Pavillon am Schlossplatz.\" src=\"http:\/\/johannazweiger.at\/wp-content\/uploads\/2011\/08\/dsc093101.jpg?w=300\" alt=\"\" width=\"300\" height=\"200\" \/><\/a><\/p>\n<p><a href=\"http:\/\/johannazweiger.at\/wp-content\/uploads\/2011\/08\/dsc09342.jpg\"><img loading=\"lazy\" class=\"aligncenter size-medium wp-image-1569\" title=\"Der Schlossplatz in seiner ganzen Pracht.\" src=\"http:\/\/johannazweiger.at\/wp-content\/uploads\/2011\/08\/dsc09342.jpg?w=300\" alt=\"\" width=\"300\" height=\"200\" srcset=\"https:\/\/johannazweiger.at\/wp-content\/uploads\/2011\/08\/dsc09342.jpg 3456w, https:\/\/johannazweiger.at\/wp-content\/uploads\/2011\/08\/dsc09342-300x200.jpg 300w, https:\/\/johannazweiger.at\/wp-content\/uploads\/2011\/08\/dsc09342-1024x682.jpg 1024w\" sizes=\"(max-width: 300px) 100vw, 300px\" \/><\/a>Samstag: Ein zweites (wieder vorz\u00fcgliches!) Canadian breakfast, au\u00dferdem zog Roland von dannen. Sonntag dann ein richtig netter Ausflug nach Karlsruhe zusammen mit meinem lieben Mitbewohner David. Leider hatte ich zu dem Zeitpunkt nur mehr \u20ac 10 Verf\u00fcgung (mein Zug nach Hause ging erst am Dienstag^^), aber David war so nett, und &#8220;hot die gonze W\u00e4sch brennt&#8221;. \ud83d\ude42 In Karlsruhe besuchten wir das ZKM &#8211; Zentrum f\u00fcr Kunst und Medien, das nicht nur lustige Museumsaufpasser hat, sondern vor allem ein Zocker- und iPad-Paradies ist. Apps und PC-Spiele kann man dort genauso ausprobieren, wie 3D-Animationen bestaunen und augmented reality-Anwendungen testen. War sehr interessant dort! Leider war das Wetter ziemlich mie\u00df, aber auch das haben wir \u00fcberlebt. Die Karlsruher Stra\u00dfenbahn is \u00fcbrigens tooootal old school! \ud83d\ude00<\/p>\n<p><a href=\"http:\/\/johannazweiger.at\/wp-content\/uploads\/2011\/08\/dsc09372.jpg\"><img loading=\"lazy\" class=\"aligncenter size-medium wp-image-1514\" title=\"David vorm ZKM in KA.\" src=\"http:\/\/johannazweiger.at\/wp-content\/uploads\/2011\/08\/dsc09372.jpg?w=300\" alt=\"\" width=\"300\" height=\"200\" srcset=\"https:\/\/johannazweiger.at\/wp-content\/uploads\/2011\/08\/dsc09372.jpg 3456w, https:\/\/johannazweiger.at\/wp-content\/uploads\/2011\/08\/dsc09372-300x200.jpg 300w, https:\/\/johannazweiger.at\/wp-content\/uploads\/2011\/08\/dsc09372-1024x682.jpg 1024w\" sizes=\"(max-width: 300px) 100vw, 300px\" \/><br \/>\n<\/a><a href=\"http:\/\/johannazweiger.at\/wp-content\/uploads\/2011\/08\/dsc09380.jpg\"><img loading=\"lazy\" class=\"aligncenter size-medium wp-image-1515\" title=\"Autoausstellung im ZKM\" src=\"http:\/\/johannazweiger.at\/wp-content\/uploads\/2011\/08\/dsc09380.jpg?w=300\" alt=\"\" width=\"300\" height=\"200\" \/><\/a><\/p>\n<p><a href=\"http:\/\/johannazweiger.at\/wp-content\/uploads\/2011\/08\/dsc094071.jpg\"><img loading=\"lazy\" class=\"aligncenter size-medium wp-image-1517\" title=\"Per 3D durch Karlsruhe.\" src=\"http:\/\/johannazweiger.at\/wp-content\/uploads\/2011\/08\/dsc094071.jpg?w=300\" alt=\"\" width=\"300\" height=\"200\" \/><\/a>Da wir schon um halb 9 (!) aufgebrochen waren &#8211; man beachte, es war ein Sonntag! &#8211; kamen wir relativ fr\u00fch zur\u00fcck. Das nutzte ich aus und ging mit meinen lieben CJ-Kolleginnen Agnes und Hannah in ein mexikanisches Lokal Cocktails trinken &#8211; quasi als Abschiedsausgehen. Enchilada hie\u00df es und bot ein tolles Ambiente sowie wirklich gute Drinks. Gut war, das wir genau zur Happy Hour hinkamen, was meinem ohnehin schon angeschlagenen Budget sehr schmeichelte. \ud83d\ude09<\/p>\n<p><a href=\"http:\/\/johannazweiger.at\/wp-content\/uploads\/2011\/08\/dsc094331.jpg\"><img loading=\"lazy\" class=\"aligncenter size-medium wp-image-1527\" title=\"Im Enchilada Stuttgart :)\" src=\"http:\/\/johannazweiger.at\/wp-content\/uploads\/2011\/08\/dsc094331.jpg?w=300\" alt=\"\" width=\"300\" height=\"200\" srcset=\"https:\/\/johannazweiger.at\/wp-content\/uploads\/2011\/08\/dsc094331.jpg 3456w, https:\/\/johannazweiger.at\/wp-content\/uploads\/2011\/08\/dsc094331-300x200.jpg 300w, https:\/\/johannazweiger.at\/wp-content\/uploads\/2011\/08\/dsc094331-1024x682.jpg 1024w\" sizes=\"(max-width: 300px) 100vw, 300px\" \/><\/a>Der Sonntag war fast schon stressig, denn nach den Cocktails stand schon das n\u00e4chste Event ins Haus: The Final Columbus Night. Die konnte ich nat\u00fcrlich unter keinen Umst\u00e4nden verpassen! Besonderes Highlight des Abends war Lauri in Lederhosen! Ein Bild, das ich so schnell nicht vergessen werd!^^ Nachher gab es noch eine nette Fete bei Amanda, bei der die arme Florence Opfer mehrerer Kitzelattacken wurde &#8230;<\/p>\n<p><a href=\"http:\/\/johannazweiger.at\/wp-content\/uploads\/2011\/08\/dsc09442.jpg\"><img loading=\"lazy\" class=\"aligncenter size-medium wp-image-1519\" title=\"Lauri in Lederhosen!\" src=\"http:\/\/johannazweiger.at\/wp-content\/uploads\/2011\/08\/dsc09442.jpg?w=300\" alt=\"\" width=\"300\" height=\"200\" srcset=\"https:\/\/johannazweiger.at\/wp-content\/uploads\/2011\/08\/dsc09442.jpg 3456w, https:\/\/johannazweiger.at\/wp-content\/uploads\/2011\/08\/dsc09442-300x200.jpg 300w, https:\/\/johannazweiger.at\/wp-content\/uploads\/2011\/08\/dsc09442-1024x682.jpg 1024w\" sizes=\"(max-width: 300px) 100vw, 300px\" \/><\/a><a href=\"http:\/\/johannazweiger.at\/wp-content\/uploads\/2011\/08\/dsc09446.jpg\"><br \/>\n<\/a><a href=\"http:\/\/johannazweiger.at\/wp-content\/uploads\/2011\/08\/dsc09450_neu.jpg\"><img loading=\"lazy\" class=\"aligncenter size-medium wp-image-1521\" title=\"Die ganze Meute ...\" src=\"http:\/\/johannazweiger.at\/wp-content\/uploads\/2011\/08\/dsc09450_neu.jpg?w=300\" alt=\"\" width=\"300\" height=\"200\" srcset=\"https:\/\/johannazweiger.at\/wp-content\/uploads\/2011\/08\/dsc09450_neu.jpg 2573w, https:\/\/johannazweiger.at\/wp-content\/uploads\/2011\/08\/dsc09450_neu-300x200.jpg 300w, https:\/\/johannazweiger.at\/wp-content\/uploads\/2011\/08\/dsc09450_neu-1024x682.jpg 1024w\" sizes=\"(max-width: 300px) 100vw, 300px\" \/><\/a><a href=\"http:\/\/johannazweiger.at\/wp-content\/uploads\/2011\/08\/dsc09454.jpg\"><img loading=\"lazy\" class=\"aligncenter size-medium wp-image-1522\" title=\"Kein Entrinnen!^^\" src=\"http:\/\/johannazweiger.at\/wp-content\/uploads\/2011\/08\/dsc09454.jpg?w=300\" alt=\"\" width=\"300\" height=\"200\" srcset=\"https:\/\/johannazweiger.at\/wp-content\/uploads\/2011\/08\/dsc09454.jpg 3456w, https:\/\/johannazweiger.at\/wp-content\/uploads\/2011\/08\/dsc09454-300x200.jpg 300w, https:\/\/johannazweiger.at\/wp-content\/uploads\/2011\/08\/dsc09454-1024x682.jpg 1024w\" sizes=\"(max-width: 300px) 100vw, 300px\" \/><\/a><a href=\"http:\/\/johannazweiger.at\/wp-content\/uploads\/2011\/08\/dsc09456.jpg\"><br \/>\n<\/a><a href=\"http:\/\/johannazweiger.at\/wp-content\/uploads\/2011\/08\/dsc094701.jpg\"><img loading=\"lazy\" class=\"aligncenter size-medium wp-image-1524\" title=\"We party hard.\" src=\"http:\/\/johannazweiger.at\/wp-content\/uploads\/2011\/08\/dsc094701.jpg?w=300\" alt=\"\" width=\"300\" height=\"204\" srcset=\"https:\/\/johannazweiger.at\/wp-content\/uploads\/2011\/08\/dsc094701.jpg 2937w, https:\/\/johannazweiger.at\/wp-content\/uploads\/2011\/08\/dsc094701-300x204.jpg 300w, https:\/\/johannazweiger.at\/wp-content\/uploads\/2011\/08\/dsc094701-1024x698.jpg 1024w\" sizes=\"(max-width: 300px) 100vw, 300px\" \/><\/a><a href=\"http:\/\/johannazweiger.at\/wp-content\/uploads\/2011\/08\/dsc09474.jpg\"><img loading=\"lazy\" class=\"aligncenter size-medium wp-image-1525\" title=\"Arme Florence!^^\" src=\"http:\/\/johannazweiger.at\/wp-content\/uploads\/2011\/08\/dsc09474.jpg?w=300\" alt=\"\" width=\"300\" height=\"200\" \/><\/a><a href=\"http:\/\/johannazweiger.at\/wp-content\/uploads\/2011\/08\/dsc09483.jpg\"><img loading=\"lazy\" class=\"aligncenter size-medium wp-image-1526\" title=\"Diego umarmt gerne andere Leute ...\" src=\"http:\/\/johannazweiger.at\/wp-content\/uploads\/2011\/08\/dsc09483.jpg?w=300\" alt=\"\" width=\"300\" height=\"200\" srcset=\"https:\/\/johannazweiger.at\/wp-content\/uploads\/2011\/08\/dsc09483.jpg 3456w, https:\/\/johannazweiger.at\/wp-content\/uploads\/2011\/08\/dsc09483-300x200.jpg 300w, https:\/\/johannazweiger.at\/wp-content\/uploads\/2011\/08\/dsc09483-1024x682.jpg 1024w\" sizes=\"(max-width: 300px) 100vw, 300px\" \/><\/a>Montag musste ich den ganzen Nachmittag \u00fcber putzen und packen, denn am n\u00e4chsten Tag stand ja schon die Abreise an. Mein Buddy Martha kam noch kurz auf Besuch &#8211; es gab Milkshakes \ud83d\ude42 &#8211; und um viertel nach 12 brach ich schlie\u00dflich zur letzten Abschiedsfete meiner Erasmuszeit auf. Anna aus Ungarn wollte uns das &#8220;Getr\u00e4nk&#8221; Palinka etwas n\u00e4her bringen, was aber kolossal scheiterte (das KANN man einfach nicht trinken :D). Am Dienstag Morgen kam schlie\u00dflich unser Hausmeister &#8220;zu Besuch&#8221; und kontrollierte mein Zimmer auf Sauberkeit und generellen Zustand. Ich wurde original in der Sekunde, als er vor mir stand, mit dem Putzen fertig!^^ Zum Gl\u00fcck war er mit der Kontrolle nicht zu genau (mein Zimmer war blitze blank, die K\u00fcche aber eher nicht so^^). Er war super nett und versprach mir sogar Hilfe bei meinem Problem mit der Zimmerk\u00fcndigung, das sich aber wenige Tage sp\u00e4ter erledigt hatte.<\/p>\n<p>Diego und Lauri sowie mein Mitbewohner David begleiteten mich zur S-Bahn-Station (ich hatte uuuunglaublich viel Gep\u00e4ck!) und dort hie\u00df es dann Abschied nehmen. David wartete mit mir noch auf den Zug und half mir zum Gl\u00fcck noch beim Gep\u00e4ckverladen. Ohne ihn h\u00e4tte es echt finster ausgeschaut.^^<br \/>\n13.58 Uhr. Zug f\u00e4hrt ab. Und dann war er vorbei, der Erasmus-Aufenthalt.<\/p>\n","protected":false},"excerpt":{"rendered":"<p>Jaaa, ich bin inzwischen schon daheim, aber trotzdem m\u00f6chte ich meine letzten Tage im sch\u00f6nen Stuttgart nicht ungebloggt lassen. \ud83d\ude09 Am Montag meiner letzten Woche (12. Juli) bekam ich Besuch aus O\u00d6 &#8211; mein lieber<\/p>\n","protected":false},"author":1,"featured_media":0,"comment_status":"open","ping_status":"open","sticky":false,"template":"","format":"standard","meta":[],"categories":[57,63],"tags":[130,131,161,170,182,256,386,320],"_links":{"self":[{"href":"https:\/\/johannazweiger.at\/index.php?rest_route=\/wp\/v2\/posts\/1498"}],"collection":[{"href":"https:\/\/johannazweiger.at\/index.php?rest_route=\/wp\/v2\/posts"}],"about":[{"href":"https:\/\/johannazweiger.at\/index.php?rest_route=\/wp\/v2\/types\/post"}],"author":[{"embeddable":true,"href":"https:\/\/johannazweiger.at\/index.php?rest_route=\/wp\/v2\/users\/1"}],"replies":[{"embeddable":true,"href":"https:\/\/johannazweiger.at\/index.php?rest_route=%2Fwp%2Fv2%2Fcomments&post=1498"}],"version-history":[{"count":0,"href":"https:\/\/johannazweiger.at\/index.php?rest_route=\/wp\/v2\/posts\/1498\/revisions"}],"wp:attachment":[{"href":"https:\/\/johannazweiger.at\/index.php?rest_route=%2Fwp%2Fv2%2Fmedia&parent=1498"}],"wp:term":[{"taxonomy":"category","embeddable":true,"href":"https:\/\/johannazweiger.at\/index.php?rest_route=%2Fwp%2Fv2%2Fcategories&post=1498"},{"taxonomy":"post_tag","embeddable":true,"href":"https:\/\/johannazweiger.at\/index.php?rest_route=%2Fwp%2Fv2%2Ftags&post=1498"}],"curies":[{"name":"wp","href":"https:\/\/api.w.org\/{rel}","templated":true}]}}