{"id":3659,"date":"2011-06-22T00:34:50","date_gmt":"2011-06-21T23:34:50","guid":{"rendered":"http:\/\/johannazweiger.wordpress.com\/?p=1319"},"modified":"2011-06-22T00:34:50","modified_gmt":"2011-06-21T23:34:50","slug":"stuttgarter-pfingstferien-hap-shittens-2","status":"publish","type":"post","link":"https:\/\/johannazweiger.at\/?p=3659","title":{"rendered":"Stuttgarter Pfingstferien: Hap shittens."},"content":{"rendered":"<p>Wenn ich mir meinen Kalender so anschaue, dann frag ich mich, was ich letzte Woche eigentlich so gemacht habe &#8211; immerhin waren ja Pfingstferien. Aber au\u00dfer werkeln f\u00fcr die HdM war nicht viel drin.^^ Am Montag kam der gute Diego zu mir und wir haben Maultaschen mit Kartoffeln gekocht. \ud83d\ude42 Tags darauf fuhren Anna, Anna und ich schon in aller Herrgottsfr\u00fche in die Galerie LUMAS in Stadtmitte. Das ist eine echt super geniale Fotogalerie, von der uns unsere Fotografie-Professorin erz\u00e4hlt hat. LUMAS stellt zeitgen\u00f6ssische Fotografen aus und verkauft die Werke auch. Zu einem reeeeelativ erschwinglichen Preis (f\u00fcr mich w\u00e4r&#8217;s immer noch way too much^^). Wir haben fast zwei Stunden dort verbracht, weil es so viele tolle Fotografieb\u00fccher dort gab, die man gem\u00fctlich auf einer der Liegen lesen konnte. \ud83d\ude42 Hier ein paar Eindr\u00fccke von der Galerie:<\/p>\n<p><a href=\"http:\/\/johannazweiger.at\/wp-content\/uploads\/2011\/06\/dsc071341.jpg\"><img loading=\"lazy\" class=\"aligncenter size-medium wp-image-1320\" title=\"DSC07134\" src=\"http:\/\/johannazweiger.at\/wp-content\/uploads\/2011\/06\/dsc071341.jpg?w=300\" alt=\"\" width=\"300\" height=\"200\" \/><\/a><\/p>\n<p><a href=\"http:\/\/johannazweiger.at\/wp-content\/uploads\/2011\/06\/dsc07160.jpg\"><img loading=\"lazy\" class=\"aligncenter size-medium wp-image-1322\" title=\"DSC07160\" src=\"http:\/\/johannazweiger.at\/wp-content\/uploads\/2011\/06\/dsc07160.jpg?w=300\" alt=\"\" width=\"300\" height=\"200\" srcset=\"https:\/\/johannazweiger.at\/wp-content\/uploads\/2011\/06\/dsc07160.jpg 3456w, https:\/\/johannazweiger.at\/wp-content\/uploads\/2011\/06\/dsc07160-300x200.jpg 300w, https:\/\/johannazweiger.at\/wp-content\/uploads\/2011\/06\/dsc07160-1024x682.jpg 1024w\" sizes=\"(max-width: 300px) 100vw, 300px\" \/><\/a><\/p>\n<p><a href=\"http:\/\/johannazweiger.at\/wp-content\/uploads\/2011\/06\/dsc071381.jpg\"><img loading=\"lazy\" class=\"aligncenter size-medium wp-image-1321\" title=\"DSC07138\" src=\"http:\/\/johannazweiger.at\/wp-content\/uploads\/2011\/06\/dsc071381.jpg?w=300\" alt=\"\" width=\"300\" height=\"200\" \/><\/a><\/p>\n<p><a href=\"http:\/\/johannazweiger.at\/wp-content\/uploads\/2011\/06\/dsc07163.jpg\"><img loading=\"lazy\" class=\"aligncenter size-medium wp-image-1323\" title=\"DSC07163\" src=\"http:\/\/johannazweiger.at\/wp-content\/uploads\/2011\/06\/dsc07163.jpg?w=200\" alt=\"\" width=\"200\" height=\"300\" srcset=\"https:\/\/johannazweiger.at\/wp-content\/uploads\/2011\/06\/dsc07163.jpg 2304w, https:\/\/johannazweiger.at\/wp-content\/uploads\/2011\/06\/dsc07163-200x300.jpg 200w, https:\/\/johannazweiger.at\/wp-content\/uploads\/2011\/06\/dsc07163-682x1024.jpg 682w\" sizes=\"(max-width: 200px) 100vw, 200px\" \/><\/a><\/p>\n<p>Mittwoch: Arbeiten f\u00fcr &#8220;Convergent Journalism&#8221;, au\u00dferdem hab ich an meinem Radiobeitrag f\u00fcr BB King weitergearbeitet. Das war \u00fcberhaupt die \u00e4rgste Prozedur ever: Nachdem ich ein Interview gef\u00fchrt, den Text geschrieben und \u00fcberarbeitet hatte,\u00a0 brauchte ich am Freitag dezente zw\u00f6lf Stunden, um das Teil einzusprechen und fertig zu sprechen, weil alles (ALLES) &#8211; ganz nach Murphy&#8217;s Law &#8211; schief ging. Kurzfassung: Fehler im letzten Satz, Audiokammerl besetzt, PC im Arsch, Schnittprogramm spinnt, USB-Stick im CMC vergessen. Katastrophe. Wie mein Mitbewohner zu sagen pflegt: Shit happens. Aber wenigstens hat er meinem Prof gefallen.^^<\/p>\n<p>Am Freitag durfte ich bei horads wieder beisitzen. \ud83d\ude42 In der ersten Stunde der Morning Show hab ich mit meiner Kollegin Julia noch mal alles wiederholt, in der zweiten hab ich dann schon die Technik gemacht! \ud83d\ude42 Und es hat alles geklappt! Kein Sendeausfall, keine gr\u00f6beren Pannen &#8230; supi! Hat echt Spa\u00df gemacht. Diese Woche muss ich dann moderieren und Technik machen gleichzeitig &#8211; DAS wird interessant.^^ Aber ich freu mich schon drauf.<\/p>\n<p>F\u00fcr den Samstag Abend hat sich Anna aus Spanien etwas ganz Besonderes einfallen lassen: Sie kochte traditionell spanisches Essen f\u00fcr uns. \ud83d\ude42 Ich kann mich zwar leider an keinen der Namen erinnern, aber eines wei\u00df ich: Es war super lecker! Wir sa\u00dfen bis um halb drei beisammen und tratschten noch \u00fcber Gott und die Welt. Ein netter Abend. So auch der Sonntag &#8211; wo sonst als im Columbus.<\/p>\n<p>Inzwischen hab ich \u00fcbrigens an meiner Fotoserie begonnen zu arbeiten (remember, das ist die Abschlussarbeit f\u00fcr &#8220;Grundlagen der Mediengestaltung&#8221;). Zwei Sessions an Pr\u00e4sis haben wir mittlerweile schon gesehen, beide Male gab&#8217;s echt gute und echt mie\u00dfe Serien &#8230; Ich hab mich derweilen f\u00fcr &#8220;Photographic Art&#8221; entschieden, und hoffe, noch ein paar coole Shots hinzubekommen. \ud83d\ude09<\/p>\n","protected":false},"excerpt":{"rendered":"<p>Wenn ich mir meinen Kalender so anschaue, dann frag ich mich, was ich letzte Woche eigentlich so gemacht habe &#8211; immerhin waren ja Pfingstferien. Aber au\u00dfer werkeln f\u00fcr die HdM war nicht viel drin.^^ Am<\/p>\n","protected":false},"author":1,"featured_media":0,"comment_status":"open","ping_status":"open","sticky":false,"template":"","format":"standard","meta":[],"categories":[57,62,63],"tags":[129,130,163,182,211,212],"_links":{"self":[{"href":"https:\/\/johannazweiger.at\/index.php?rest_route=\/wp\/v2\/posts\/3659"}],"collection":[{"href":"https:\/\/johannazweiger.at\/index.php?rest_route=\/wp\/v2\/posts"}],"about":[{"href":"https:\/\/johannazweiger.at\/index.php?rest_route=\/wp\/v2\/types\/post"}],"author":[{"embeddable":true,"href":"https:\/\/johannazweiger.at\/index.php?rest_route=\/wp\/v2\/users\/1"}],"replies":[{"embeddable":true,"href":"https:\/\/johannazweiger.at\/index.php?rest_route=%2Fwp%2Fv2%2Fcomments&post=3659"}],"version-history":[{"count":0,"href":"https:\/\/johannazweiger.at\/index.php?rest_route=\/wp\/v2\/posts\/3659\/revisions"}],"wp:attachment":[{"href":"https:\/\/johannazweiger.at\/index.php?rest_route=%2Fwp%2Fv2%2Fmedia&parent=3659"}],"wp:term":[{"taxonomy":"category","embeddable":true,"href":"https:\/\/johannazweiger.at\/index.php?rest_route=%2Fwp%2Fv2%2Fcategories&post=3659"},{"taxonomy":"post_tag","embeddable":true,"href":"https:\/\/johannazweiger.at\/index.php?rest_route=%2Fwp%2Fv2%2Ftags&post=3659"}],"curies":[{"name":"wp","href":"https:\/\/api.w.org\/{rel}","templated":true}]}}