{"id":391,"date":"2010-05-02T13:15:42","date_gmt":"2010-05-02T12:15:42","guid":{"rendered":"http:\/\/johannazweiger.wordpress.com\/?p=391"},"modified":"2010-05-02T13:15:42","modified_gmt":"2010-05-02T12:15:42","slug":"tag-d-pressefreiheit-3-mai-2010-world-press-freedom-day-may-3-2010","status":"publish","type":"post","link":"https:\/\/johannazweiger.at\/?p=391","title":{"rendered":"Tag d. Pressefreiheit \/ World Press Freedom Day May 3"},"content":{"rendered":"<p>Nur wenige wissen es, aber so wie es einen Tag der Jogginghose gibt, begeht man am 3. Mai eben den<strong> Tag der Pressefreiheit<\/strong>. F\u00fcr uns in Zentraleuropa mag die Pressefreiheit ganz selbstverst\u00e4ndlich scheinen, doch in vielen L\u00e4ndern herrschen Zensur und staatlich-gef\u00fchrte Nachrichtenagenturen (auf der ganzen Welt gibt es derzeit nur etwa 20 (!) unabh\u00e4ngige Nachrichtenagenturen, eine davon ist z.B. die \u00f6sterreichische APA). <a href=\"http:\/\/johannazweiger.wordpress.com\/2009\/12\/19\/committee-to-protect-journalists-death-toll-reaches-record-level-in-2009\/\">Wie ich schon vor einigen Monaten geschrieben habe<\/a>, sterben j\u00e4hrlich zig Journalisten und Medienleute, weil sie kritische Berichterstattung dem regierungsfreundlichen Blabla vorziehen&#8230;Der Tag der Pressefreiheit soll daran erinnern, dass in puncto freier Presse auf der ganzen Welt noch viel passieren muss.<\/p>\n<p><strong>Linkliste:<\/strong><\/p>\n<ul>\n<li><a href=\"http:\/\/de.wikipedia.org\/wiki\/Internationaler_Tag_der_Pressefreiheit\">Wikipedia-Eintrag mit Geschichte etc<\/a><\/li>\n<li><a href=\"http:\/\/www.reporter-ohne-grenzen.de\/index.php?id=65&amp;tx_ttnews[tt_news]=814&amp;tx_ttnews[backPid]=59#814\">Reporter ohne Grenzen\u00a0 (ROG): Bildband &#8220;Tatorte&#8221; zur Pressefreiheit &#8211; ver\u00f6ffentlicht am 3. Mai 2009<\/a><\/li>\n<li><a href=\"http:\/\/www.welt.de\/newsticker\/dpa_nt\/regioline_nt\/berlinbrandenburg_nt\/article7432257\/Zeitungen-mit-leeren-Titelseiten.html\">&#8220;Die Welt&#8221; unterst\u00fctzt den Tag der Pressefreiheit<\/a><\/li>\n<li><a href=\"http:\/\/www.wan-press.org\/3may\/2010\/articles.php?id=1082&amp;lang=de\">Internationaler Tag der Pressefreiheit auf wan-press.org (World Association of Newspapers and News Publishers)<\/a><\/li>\n<li>f\u00fcr jene, die der englischen Sprache m\u00e4chtig sind, d\u00fcrften auch die unten stehenden Links interessant sein. \ud83d\ude09<\/li>\n<\/ul>\n<p><a href=\"http:\/\/johannazweiger.at\/wp-content\/uploads\/2010\/05\/wpfd-sceen-shot.png\"><img loading=\"lazy\" class=\"alignnone size-medium wp-image-392\" title=\"Journalists killed in 2009 (c) wan-press.org\" src=\"http:\/\/johannazweiger.at\/wp-content\/uploads\/2010\/05\/wpfd-sceen-shot.png?w=300\" alt=\"\" width=\"300\" height=\"210\" srcset=\"https:\/\/johannazweiger.at\/wp-content\/uploads\/2010\/05\/wpfd-sceen-shot.png 846w, https:\/\/johannazweiger.at\/wp-content\/uploads\/2010\/05\/wpfd-sceen-shot-300x210.png 300w\" sizes=\"(max-width: 300px) 100vw, 300px\" \/><\/a><\/p>\n<p><strong>For my English-speaking readers and friends:<\/strong><\/p>\n<p>Many won&#8217;t know, but as there&#8217;s the International Day of Jogging-Pants, there&#8217;s also the Wolrd Press Freedom Day on May 3rd. For people living in Central Europe, press freedom may appear quasi naturally, but in fact there are still cenorship and state-owned news agencies in many countries (all over the world there are only approx. 20 (!) independent news agencies right now, e.g. the Austrian APA). <a href=\"http:\/\/johannazweiger.wordpress.com\/2009\/12\/19\/committee-to-protect-journalists-death-toll-reaches-record-level-in-2009\/\">As I wrote several months ago<\/a>, dozens of journalists are killed each year because they do critical reporting instead of pro-government blabla&#8230; The World Press Freedom Day shall make us aware of the fact that in terms of worldwide press freedom there&#8217;s still a lot of work to do .<\/p>\n<p><strong>Linklist:<\/strong><\/p>\n<ul>\n<li><a href=\"http:\/\/en.wikipedia.org\/wiki\/World_Press_Freedom_Day\">Wikipedia-entry on WPFD<\/a><\/li>\n<li><a href=\"http:\/\/en.wikipedia.org\/wiki\/UNESCO\/Guillermo_Cano_World_Press_Freedom_Prize\">Wikipedia-entry on the UNESCO\/Guillermo Cano World  Press Freedom Prize that is awarded every year<\/a><\/li>\n<li><a href=\"http:\/\/portal.unesco.org\/ci\/en\/ev.php-URL_ID=29292&amp;URL_DO=DO_TOPIC&amp;URL_SECTION=201.html\">2009&#8217;s  winner of the UNESCO World Press Freedom Prize: Lasantha Wickrematunge<\/a><\/li>\n<li><a href=\"http:\/\/cpj.org\/blog\/2009\/05\/obama-clinton-acknowledge-journalists-on-world-pre.php\">Obama and Clinton on WPFD (CPJ)<\/a><\/li>\n<li><a href=\"http:\/\/www.ifj.org\/en\/articles\/ifj-highlights-struggle-in-iran-on-world-press-freedom-day\">The IFJ (International Federation of Journalists) highlights the struggle in Iran on WPFD<\/a><a href=\"http:\/\/www.ifj.org\/en\/articles\/ifj-highlights-struggle-in-iran-on-world-press-freedom-day\"> 2010<\/a><\/li>\n<li><a href=\"http:\/\/www.wpfd2010.org\/\">The WPFD 2010 conference in Brisbane, Australia (official homepage incl. live stream)<\/a><\/li>\n<li><a href=\"http:\/\/portal.unesco.org\/ci\/en\/ev.php-URL_ID=29294&amp;URL_DO=DO_TOPIC&amp;URL_SECTION=201.html\">A message from UNESCO Director General on WPFD 2010<\/a><\/li>\n<li><a href=\"http:\/\/www.wan-press.org\/3may\/2010\/articles.php?id=1081\">WPFD 2010 on wan-press.org (World Association of Newspapers and News Publishers)<\/a><\/li>\n<\/ul>\n<p><a href=\"http:\/\/johannazweiger.at\/wp-content\/uploads\/2010\/05\/1796_1.jpeg\"><img loading=\"lazy\" class=\"alignnone size-full wp-image-393\" title=\"Press freedom?! (c) wan-press.org\" src=\"http:\/\/johannazweiger.at\/wp-content\/uploads\/2010\/05\/1796_1.jpeg\" alt=\"\" width=\"277\" height=\"265\" \/><\/a><\/p>\n","protected":false},"excerpt":{"rendered":"<p>Nur wenige wissen es, aber so wie es einen Tag der Jogginghose gibt, begeht man am 3. Mai eben den Tag der Pressefreiheit. F\u00fcr uns in Zentraleuropa mag die Pressefreiheit ganz selbstverst\u00e4ndlich scheinen, doch in<\/p>\n","protected":false},"author":1,"featured_media":0,"comment_status":"open","ping_status":"open","sticky":false,"template":"","format":"standard","meta":[],"categories":[60,61],"tags":[64,80,105,109,182,384,185,217,251,253,273,274,291,297,309,311,312,314],"_links":{"self":[{"href":"https:\/\/johannazweiger.at\/index.php?rest_route=\/wp\/v2\/posts\/391"}],"collection":[{"href":"https:\/\/johannazweiger.at\/index.php?rest_route=\/wp\/v2\/posts"}],"about":[{"href":"https:\/\/johannazweiger.at\/index.php?rest_route=\/wp\/v2\/types\/post"}],"author":[{"embeddable":true,"href":"https:\/\/johannazweiger.at\/index.php?rest_route=\/wp\/v2\/users\/1"}],"replies":[{"embeddable":true,"href":"https:\/\/johannazweiger.at\/index.php?rest_route=%2Fwp%2Fv2%2Fcomments&post=391"}],"version-history":[{"count":0,"href":"https:\/\/johannazweiger.at\/index.php?rest_route=\/wp\/v2\/posts\/391\/revisions"}],"wp:attachment":[{"href":"https:\/\/johannazweiger.at\/index.php?rest_route=%2Fwp%2Fv2%2Fmedia&parent=391"}],"wp:term":[{"taxonomy":"category","embeddable":true,"href":"https:\/\/johannazweiger.at\/index.php?rest_route=%2Fwp%2Fv2%2Fcategories&post=391"},{"taxonomy":"post_tag","embeddable":true,"href":"https:\/\/johannazweiger.at\/index.php?rest_route=%2Fwp%2Fv2%2Ftags&post=391"}],"curies":[{"name":"wp","href":"https:\/\/api.w.org\/{rel}","templated":true}]}}