{"id":848,"date":"2011-04-17T23:05:04","date_gmt":"2011-04-17T22:05:04","guid":{"rendered":"http:\/\/johannazweiger.wordpress.com\/?p=848"},"modified":"2011-04-17T23:05:04","modified_gmt":"2011-04-17T22:05:04","slug":"graz-wo-ist-das-genau","status":"publish","type":"post","link":"https:\/\/johannazweiger.at\/?p=848","title":{"rendered":"Graz? Wo ist das genau?"},"content":{"rendered":"<p>Ja, es geht mir manchmal wahnsinnig auf die Nerven, wenn mich manche deutsche Kollegen daran erinnern, dass Deutschland ja sooo gro\u00df und wichtig ist, und das \u00d6siland nur klein und unbedeutend (was nat\u00fcrlich bis zu einem gewissen [!] Grad stimmt).<\/p>\n<p>Wenn ich z.B. sage, dass ich aus der N\u00e4he von Graz komme und ich dann gro\u00df angeschaut werde (manche, so m\u00f6chte man zumindest annehmen, w\u00fcrden Graz gef\u00fchlsm\u00e4\u00dfig vielleicht sogar in die Schweiz einordnen), werde ich schon etwas stutzig. Ich meine, Graz ist immerhin nach Wien die zweitgr\u00f6\u00dfte Stadt in \u00d6sterreich! Die einzigen St\u00e4dte, welche man in Deutschland kennt sind Wien, Salzburg und vielleicht noch Innsbruck. Aber auch nur deshalb, weil diese St\u00e4dte einigerma\u00dfen nahe zur deutschen Grenze liegen. Geht&#8217;s etwas weiter s\u00fcdlich, ist schon Sense.<\/p>\n<p>Mir f\u00e4llt immer wieder auf, dass wir \u00d6sterreicher von Deutschland viel mehr wissen bzw. kennen als die Deutschen von uns. Naja, aber zumindest kann ich durch mein Auslandssemester hier <em>etwas<\/em> \u00f6sterreichische Kultur verbreiten &#8230; \ud83d\ude09<\/p>\n","protected":false},"excerpt":{"rendered":"<p>Ja, es geht mir manchmal wahnsinnig auf die Nerven, wenn mich manche deutsche Kollegen daran erinnern, dass Deutschland ja sooo gro\u00df und wichtig ist, und das \u00d6siland nur klein und unbedeutend (was nat\u00fcrlich bis zu<\/p>\n","protected":false},"author":1,"featured_media":0,"comment_status":"open","ping_status":"open","sticky":false,"template":"","format":"standard","meta":[],"categories":[1],"tags":[],"_links":{"self":[{"href":"https:\/\/johannazweiger.at\/index.php?rest_route=\/wp\/v2\/posts\/848"}],"collection":[{"href":"https:\/\/johannazweiger.at\/index.php?rest_route=\/wp\/v2\/posts"}],"about":[{"href":"https:\/\/johannazweiger.at\/index.php?rest_route=\/wp\/v2\/types\/post"}],"author":[{"embeddable":true,"href":"https:\/\/johannazweiger.at\/index.php?rest_route=\/wp\/v2\/users\/1"}],"replies":[{"embeddable":true,"href":"https:\/\/johannazweiger.at\/index.php?rest_route=%2Fwp%2Fv2%2Fcomments&post=848"}],"version-history":[{"count":0,"href":"https:\/\/johannazweiger.at\/index.php?rest_route=\/wp\/v2\/posts\/848\/revisions"}],"wp:attachment":[{"href":"https:\/\/johannazweiger.at\/index.php?rest_route=%2Fwp%2Fv2%2Fmedia&parent=848"}],"wp:term":[{"taxonomy":"category","embeddable":true,"href":"https:\/\/johannazweiger.at\/index.php?rest_route=%2Fwp%2Fv2%2Fcategories&post=848"},{"taxonomy":"post_tag","embeddable":true,"href":"https:\/\/johannazweiger.at\/index.php?rest_route=%2Fwp%2Fv2%2Ftags&post=848"}],"curies":[{"name":"wp","href":"https:\/\/api.w.org\/{rel}","templated":true}]}}